[{"@context":"https:\/\/schema.org\/","@type":"Article","@id":"https:\/\/www.osbaobab.cz\/chrante-sve-oci-pred-skodlivym-zarenim\/#Article","mainEntityOfPage":"https:\/\/www.osbaobab.cz\/chrante-sve-oci-pred-skodlivym-zarenim\/","headline":"Chra\u0148te sv\u00e9 o\u010di p\u0159ed \u0161kodliv\u00fdm z\u00e1\u0159en\u00edm","name":"Chra\u0148te sv\u00e9 o\u010di p\u0159ed \u0161kodliv\u00fdm z\u00e1\u0159en\u00edm","description":"Jedn\u00edm z takov\u00e9ho druhu sv\u011btla je nap\u0159\u00edklad modr\u00e9 sv\u011btlo neboli modr\u00e9 z\u00e1\u0159en\u00ed. A\u0165 chceme, nebo ne, a\u0165 se n\u00e1m to<p><a href=\"https:\/\/www.osbaobab.cz\/chrante-sve-oci-pred-skodlivym-zarenim\/\" class=\"more-link\">P\u0159e\u010d\u00edst..<span class=\"screen-reader-text\">Chra\u0148te sv\u00e9 o\u010di p\u0159ed \u0161kodliv\u00fdm z\u00e1\u0159en\u00edm<\/span><\/a><\/p>","datePublished":"2022-05-27","dateModified":"2024-01-29","author":{"@type":"Person","@id":"https:\/\/www.osbaobab.cz\/author\/#Person","name":"","url":"https:\/\/www.osbaobab.cz\/author\/","identifier":1,"image":{"@type":"ImageObject","@id":"https:\/\/secure.gravatar.com\/avatar\/4ae18345300f35922a2a7b2caa17564b68acab8514eff939a8a019efde378c24?s=96&d=mm&r=g","url":"https:\/\/secure.gravatar.com\/avatar\/4ae18345300f35922a2a7b2caa17564b68acab8514eff939a8a019efde378c24?s=96&d=mm&r=g","height":96,"width":96}},"publisher":{"@type":"Organization","name":"osbaobab.cz","logo":{"@type":"ImageObject","@id":"\/logo.png","url":"\/logo.png","width":600,"height":60}},"image":{"@type":"ImageObject","@id":"https:\/\/www.osbaobab.cz\/wp-content\/uploads\/text4.jpg","url":"https:\/\/www.osbaobab.cz\/wp-content\/uploads\/text4.jpg","height":0,"width":0},"url":"https:\/\/www.osbaobab.cz\/chrante-sve-oci-pred-skodlivym-zarenim\/","about":["Produkty"],"wordCount":448,"articleBody":"   Jedn\u00edm z takov\u00e9ho druhu sv\u011btla je nap\u0159\u00edklad modr\u00e9 sv\u011btlo neboli modr\u00e9 z\u00e1\u0159en\u00ed. A\u0165 chceme, nebo ne, a\u0165 se n\u00e1m to l\u00edb\u00ed, anebo ne, jsme t\u00edmto druhem sv\u011btla obklopeni t\u00e9m\u011b\u0159 neust\u00e1le. Toto modr\u00e9 z\u00e1\u0159en\u00ed poch\u00e1z\u00ed nejenom ze slunce, ale tak\u00e9 vych\u00e1z\u00ed ze \u017e\u00e1rovek, z\u00e1\u0159ivek, https:\/\/www.novinky.cz\/zena\/zdravi\/162411-falesne-myty-o-negativnich-ucincich-zarivek-nejen-na-nase-oci.html  obrazovek po\u010d\u00edta\u010d\u016f, na\u0161ich mobiln\u00edch telefon\u016f, tablet\u016f, ale i obrazovek televizor\u016f. No \u0159ekn\u011bte, je p\u0159ed takov\u00fdm mno\u017estv\u00edm modr\u00e9ho sv\u011btla \u00faniku? N\u00e1sledkem p\u0159\u00edli\u0161n\u00e9ho vlivu modr\u00e9ho sv\u011btla na n\u00e1\u0161 organismus jsou pak tyto zdravotn\u00ed probl\u00e9my: p\u00e1len\u00ed o\u010d\u00ed, vysu\u0161en\u00e9 o\u010di s, \u00fanava o\u010d\u00ed a tak\u00e9 celkov\u00e1 \u00fanava, bolesti hlavy s t\u00edm spojen\u00e9, pocit vy\u010derp\u00e1n\u00ed, nespavost a mnoho dal\u0161\u00edch zdravotn\u00edch probl\u00e9m\u016f.Je to d\u00e1no t\u00edm, \u017ee modr\u00e9 z\u00e1\u0159en\u00ed velmi siln\u011b aktivuje s\u00edtnici na\u0161ich citliv\u00fdch o\u010d\u00ed. D\u00e1le je zn\u00e1mo, \u017ee toto modr\u00e9 sv\u011btlo, t\u00edm, \u017ee poch\u00e1z\u00ed i ze slunce, naru\u0161uje produkci melatoninu v na\u0161em t\u011ble, a to nep\u0159\u00edzniv\u011b ovliv\u0148uje snadn\u00e9 us\u00edn\u00e1n\u00ed. Jak\u00e9 m\u016f\u017ee b\u00fdt \u0159e\u0161en\u00ed a ochrana p\u0159ed t\u00edmto v\u0161udyp\u0159\u00edtomn\u00fdm modr\u00fdm z\u00e1\u0159en\u00edm v na\u0161em \u017eivot\u011b? Zcela jednoduch\u00e9. Nab\u00edz\u00edme v\u00e1m ochrann\u00e9 stylov\u00e9 br\u00fdle proti modr\u00e9mu sv\u011btlu. Tyto br\u00fdle, kter\u00e9 jsou dostupn\u00e9 ve v\u0161ech mo\u017en\u00fdch tvarech, ale i barv\u00e1ch, v\u00e1s a va\u0161e o\u010di dokonale ochr\u00e1n\u00ed jak venku, p\u0159i pobytu na slunci, tak u v\u00e1s v zam\u011bstn\u00e1n\u00ed, p\u0159i pr\u00e1ci na po\u010d\u00edta\u010di.Ji\u017e nebudete poci\u0165ovat \u017e\u00e1dn\u00e9 p\u00e1len\u00ed a sv\u011bd\u011bn\u00ed o\u010d\u00ed. Nebudou v\u00e1s tr\u00e1pit ani \u017e\u00e1dn\u00e9 bolesti hlavy a \u00fanava. Zrovna tak u v\u00e1s doma si va\u0161e o\u010di kone\u010dn\u011b odpo\u010dinou p\u0159i sledov\u00e1n\u00ed obl\u00edben\u00fdch po\u0159ad\u016f v televizi a ve\u010der se v\u00e1m bude mnohem l\u00e9pe us\u00ednat. Jak\u00e9 dal\u0161\u00ed v\u00fdhody z\u00edsk\u00e1te s na\u0161imi br\u00fdlemi proti modr\u00e9mu sv\u011btlu? Br\u00fdle se stanou va\u0161\u00edm ka\u017edodenn\u00edm spolehliv\u00fdm pomocn\u00edkem, kter\u00fd v\u00e1s v\u017edy ochr\u00e1n\u00ed p\u0159ed v\u0161udyp\u0159\u00edtomn\u00fdm siln\u00fdm modr\u00fdm z\u00e1\u0159en\u00edm. Stanete se s br\u00fdlemi velice atraktivn\u00ed. V\u017edy\u0165 br\u00fdle nejsou jen pomocn\u00fdm, ochrann\u00fdm prost\u0159edkem, ale z\u00e1rove\u0148 tak\u00e9 vkusn\u00fdm m\u00f3dn\u00edm dopl\u0148kem, kter\u00fd n\u00e1s po stalet\u00ed prov\u00e1z\u00ed.                                                                                                                                                                                                                                                                                                                                                                                           4.4\/5 - (14 votes)        "},{"@context":"https:\/\/schema.org\/","@type":"BreadcrumbList","itemListElement":[{"@type":"ListItem","position":1,"name":"Chra\u0148te sv\u00e9 o\u010di p\u0159ed \u0161kodliv\u00fdm z\u00e1\u0159en\u00edm","item":"https:\/\/www.osbaobab.cz\/chrante-sve-oci-pred-skodlivym-zarenim\/#breadcrumbitem"}]}]