[{"@context":"https:\/\/schema.org\/","@type":"Article","@id":"https:\/\/www.osbaobab.cz\/krasne-vlasy-diky-kondicioneru\/#Article","mainEntityOfPage":"https:\/\/www.osbaobab.cz\/krasne-vlasy-diky-kondicioneru\/","headline":"Kr\u00e1sn\u00e9 vlasy d\u00edky kondicion\u00e9ru","name":"Kr\u00e1sn\u00e9 vlasy d\u00edky kondicion\u00e9ru","description":"Jak\u00e9 jsou vlastn\u011b v\u00fdhody kondicion\u00e9ru? Roz\u010des\u00e1v\u00e1n\u00ed Mezi hlavn\u00ed d\u016fvody, pro\u010d by m\u011bl b\u00fdt kondicion\u00e9r ve v\u0161ech koupeln\u00e1ch, je jeho schopnost<p><a href=\"https:\/\/www.osbaobab.cz\/krasne-vlasy-diky-kondicioneru\/\" class=\"more-link\">P\u0159e\u010d\u00edst..<span class=\"screen-reader-text\">Kr\u00e1sn\u00e9 vlasy d\u00edky kondicion\u00e9ru<\/span><\/a><\/p>","datePublished":"2023-05-09","dateModified":"2023-05-09","author":{"@type":"Person","@id":"https:\/\/www.osbaobab.cz\/author\/#Person","name":"","url":"https:\/\/www.osbaobab.cz\/author\/","identifier":1,"image":{"@type":"ImageObject","@id":"https:\/\/secure.gravatar.com\/avatar\/4ae18345300f35922a2a7b2caa17564b68acab8514eff939a8a019efde378c24?s=96&d=mm&r=g","url":"https:\/\/secure.gravatar.com\/avatar\/4ae18345300f35922a2a7b2caa17564b68acab8514eff939a8a019efde378c24?s=96&d=mm&r=g","height":96,"width":96}},"publisher":{"@type":"Organization","name":"osbaobab.cz","logo":{"@type":"ImageObject","@id":"\/logo.png","url":"\/logo.png","width":600,"height":60}},"image":{"@type":"ImageObject","@id":"https:\/\/www.osbaobab.cz\/wp-content\/uploads\/img_a289771_w2219_t1501266477.jpg","url":"https:\/\/www.osbaobab.cz\/wp-content\/uploads\/img_a289771_w2219_t1501266477.jpg","height":0,"width":0},"url":"https:\/\/www.osbaobab.cz\/krasne-vlasy-diky-kondicioneru\/","wordCount":407,"articleBody":"Jak\u00e9 jsou vlastn\u011b v\u00fdhody kondicion\u00e9ru?Roz\u010des\u00e1v\u00e1n\u00edMezi hlavn\u00ed d\u016fvody, pro\u010d by m\u011bl b\u00fdt kondicion\u00e9r ve v\u0161ech koupeln\u00e1ch, je jeho schopnost po aplikaci na vlasy usnadnit jejich snadn\u00e9 roz\u010des\u00e1van\u00ed. Po umyt\u00ed vlas\u016f b\u011b\u017en\u00fdm \u0161amp\u00f3nem kondicion\u00e9r opatrn\u011b a \u0161etrn\u011b vmas\u00edrujeme v mal\u00e9m mno\u017estv\u00ed je\u0161t\u011b do mokr\u00fdch vlas\u016f, a n\u00e1sledn\u011b d\u016fkladn\u011b vymyjeme \u010distou, vla\u017enou vodou. Po usu\u0161en\u00ed vlas\u016f se budou vlasy kr\u00e1sn\u011b a snadno roz\u010des\u00e1vat, a to ocen\u00ed zejm\u00e9na \u017eeny, kter\u00e9 maj\u00ed vlasy a\u0165 u\u017e dlouh\u00e9, nebo kter\u00e9 maj\u00ed vlasy vlnit\u00e9, \u010di p\u0159\u00edmo kudrnat\u00e9. Takov\u00e9 vlasy jsou p\u0159ev\u00e1\u017en\u011b su\u0161\u0161\u00ed, a maj\u00ed sklon se snadno zacuch\u00e1vat. Po umyt\u00ed kondicion\u00e9rem je potom snaz\u0161\u00ed vlasy roz\u010desat:\u00b7\u00a0\u00a0\u00a0\u00a0\u00a0\u00a0\u00a0\u00a0 s men\u0161\u00ed n\u00e1mahou\u00b7\u00a0\u00a0\u00a0\u00a0\u00a0\u00a0\u00a0\u00a0 bez vytrh\u00e1v\u00e1n\u00ed\u00b7\u00a0\u00a0\u00a0\u00a0\u00a0\u00a0\u00a0\u00a0 daleko \u0161etrn\u011bji\u00b7\u00a0\u00a0\u00a0\u00a0\u00a0\u00a0\u00a0\u00a0 bez vytrh\u00e1v\u00e1n\u00ed, nebo p\u0159etrh\u00e1v\u00e1n\u00ed vlas\u016f\tV\u00fd\u017eiva vlas\u016fJe nesporn\u00e9, \u017ee kvalitn\u00ed kondicion\u00e9ry dod\u00e1vaj\u00ed vlas\u016fm v\u0161e, co jim chyb\u00ed. A nejenom vlas\u016fm, ale i cel\u00e9 poko\u017ece hlavy. Jedn\u00e1 se p\u0159edev\u0161\u00edm o vitam\u00edny, miner\u00e1ly a \u0159adu dal\u0161\u00edch u\u017eite\u010dn\u00fdch l\u00e1tek. Vlivem kondicion\u00e9ru vlasy z\u00edskaj\u00ed p\u0159irozen\u00fd lesk, jsou pevn\u00e9 a odoln\u00e9. Nav\u00edc je vlivem blahod\u00e1rn\u00fdch l\u00e1tek podpo\u0159en nejenom rychlej\u0161\u00ed r\u016fst vlas\u016f, ale i jejich celkov\u00e1 hustota.\tOchranaM\u00e1me-li kvalitn\u00ed kondicion\u00e9r, potom dok\u00e1\u017ee sv\u00fdm slo\u017een\u00edm vytvo\u0159it na vlasech jedine\u010dn\u00fd ochrann\u00fd film. T\u00edm podpo\u0159\u00ed p\u0159irozenou ochrannou vrstvu na\u0161ich vlas\u016f, a ty potom mnohem v\u00edce vydr\u017e\u00ed. Kondicion\u00e9r m\u016f\u017eeme proto na vlasy nan\u00e1\u0161et i jindy ne\u017e p\u0159i b\u011b\u017en\u00e9m myt\u00ed vlas\u016f. M\u016f\u017ee se jednat t\u0159eba o situace, kdy:\u00b7\u00a0\u00a0\u00a0\u00a0\u00a0\u00a0\u00a0\u00a0 Je slunce p\u0159\u00edli\u0161 ostr\u00e9.\u00b7\u00a0\u00a0\u00a0\u00a0\u00a0\u00a0\u00a0\u00a0 Chceme se koupat v chlorovan\u00e9 nebo mo\u0159sk\u00e9 vod\u011b.\u00b7\u00a0\u00a0\u00a0\u00a0\u00a0\u00a0\u00a0\u00a0 Budeme v nep\u0159\u00edli\u0161 dobr\u00e9m, \u010di pra\u0161n\u00e9m prost\u0159ed\u00ed.Pou\u017eit\u00edm kondicion\u00e9ru se vytvo\u0159\u00ed ochrann\u00e1 vrstva, d\u00edky kter\u00e9 se vlasy mnohem m\u00e9n\u011b po\u0161kod\u00ed. A ve v\u00fdsledku budou i mnohem l\u00e9pe vypadat. P\u0159i pobytu na p\u0159\u00edm\u00e9m slunci m\u016f\u017eeme k aplikovan\u00e9mu kondicion\u00e9ru p\u0159im\u00edsit i mal\u00e9 mno\u017estv\u00ed ochrann\u00e9ho kr\u00e9mu na opalov\u00e1n\u00ed. T\u00edm je ochrana vlas\u016f proti po\u0161kozen\u00ed sluncem mnohem v\u00edce zaji\u0161t\u011bna.\u00a0                                                                                                                                                                                                                                                                                                                                                                                        4\/5 - (8 votes)        "},{"@context":"https:\/\/schema.org\/","@type":"BreadcrumbList","itemListElement":[{"@type":"ListItem","position":1,"name":"Kr\u00e1sn\u00e9 vlasy d\u00edky kondicion\u00e9ru","item":"https:\/\/www.osbaobab.cz\/krasne-vlasy-diky-kondicioneru\/#breadcrumbitem"}]}]