[{"@context":"https:\/\/schema.org\/","@type":"Article","@id":"https:\/\/www.osbaobab.cz\/o-vine-z-moravy\/#Article","mainEntityOfPage":"https:\/\/www.osbaobab.cz\/o-vine-z-moravy\/","headline":"O v\u00edn\u011b z Moravy","name":"O v\u00edn\u011b z Moravy","description":"V\u0161ichni ti, kte\u0159\u00ed v\u011bnuj\u00ed sv\u016fj \u010das a pr\u00e1ci p\u011bstov\u00e1n\u00ed a v\u00fdrob\u011b lahodn\u00e9ho r\u00e9vov\u00e9ho moku v\u011bd\u00ed, \u017ee pr\u00e1v\u011b m\u00edsto sklizn\u011b hrozn\u016f<p><a href=\"https:\/\/www.osbaobab.cz\/o-vine-z-moravy\/\" class=\"more-link\">P\u0159e\u010d\u00edst..<span class=\"screen-reader-text\">O v\u00edn\u011b z Moravy<\/span><\/a><\/p>","datePublished":"2024-11-03","dateModified":"2024-11-03","author":{"@type":"Person","@id":"https:\/\/www.osbaobab.cz\/author\/#Person","name":"","url":"https:\/\/www.osbaobab.cz\/author\/","identifier":1,"image":{"@type":"ImageObject","@id":"https:\/\/secure.gravatar.com\/avatar\/4ae18345300f35922a2a7b2caa17564b68acab8514eff939a8a019efde378c24?s=96&d=mm&r=g","url":"https:\/\/secure.gravatar.com\/avatar\/4ae18345300f35922a2a7b2caa17564b68acab8514eff939a8a019efde378c24?s=96&d=mm&r=g","height":96,"width":96}},"publisher":{"@type":"Organization","name":"osbaobab.cz","logo":{"@type":"ImageObject","@id":"\/logo.png","url":"\/logo.png","width":600,"height":60}},"url":"https:\/\/www.osbaobab.cz\/o-vine-z-moravy\/","wordCount":359,"articleBody":"\tV\u0161ichni ti, kte\u0159\u00ed v\u011bnuj\u00ed sv\u016fj \u010das a pr\u00e1ci p\u011bstov\u00e1n\u00ed a v\u00fdrob\u011b lahodn\u00e9ho r\u00e9vov\u00e9ho moku v\u011bd\u00ed, \u017ee pr\u00e1v\u011b m\u00edsto sklizn\u011b hrozn\u016f je t\u00edm, co tvo\u0159\u00ed polovinu \u00fasp\u011bchu p\u0159i v\u00fdrob\u011b tohoto lahodn\u00e9ho moku. Pr\u00e1v\u011b moravsk\u00e9 odr\u016fdy r\u00e9vy jsou velmi chu\u0165ov\u00e9 specifick\u00e9 a vyhled\u00e1van\u00e9, proto\u017ee pr\u00e1v\u011b v\u00e1penit\u00e1 p\u016fda a siln\u00e9 slun\u00ed\u010dko, kter\u00e9 do str\u00e1n\u00ed a hroznov\u00fdch plant\u00e1\u017e\u00ed vkl\u00e1d\u00e1 svoje paprsky, dod\u00e1vaj\u00ed n\u00e1poji v\u0161echny specifick\u00e9 vlastnosti. Je to pr\u00e1v\u011b tento d\u016fvod, pro\u010d se na moravsk\u00e9 r\u00e9vov\u00e9 n\u00e1poje i odborn\u00edci, tak velmi ka\u017ed\u00fd rok t\u011b\u0161\u00ed. Mohou si vyb\u00edrat ze v\u0161ech mo\u017en\u00fdch odr\u016fd typu Moravsk\u00fd mu\u0161k\u00e1t, Veltl\u00ednsk\u00e9, Chardonay, P\u00e1lavsk\u00e9, Rulandsk\u00e9, Hibernal a z\u00a0\u010derven\u00fdch t\u0159eba ko\u0159en\u011bn\u00fd Merlot, Vav\u0159ineck\u00e9, Modr\u00fd Portugal nebo rub\u00ednov\u011bj\u0161\u00ed Zweigeltrebe.\tKter\u00fd m\u00e1te nejrad\u011bji vy?Ka\u017ed\u00fd si v\u011bt\u0161inou p\u0159i vyb\u00edr\u00e1n\u00ed r\u00e9vov\u00e9ho moku vybere tu svou obl\u00edbenou zna\u010dku, kterou st\u00e1le vyhled\u00e1v\u00e1 a ned\u00e1 na n\u00ed dopustit. Je to podle toho, jak\u00e9 m\u00e1 nejrad\u011bji, zda such\u00e9, polosuch\u00e9, polosladk\u00e9 nebo p\u0159\u00edmo sladk\u00e9. Ka\u017ed\u00fd jsme nalad\u011bn\u00fd na jinou chu\u0165ovou vlnu, a tak vyb\u00edrat pro sebe mus\u00ed ka\u017ed\u00fd s\u00e1m. Nejlep\u0161\u00edm zp\u016fsobem je degustov\u00e1n\u00ed p\u0159\u00edmo ve skl\u00edpku ze sudu, tak z\u00edsk\u00e1me o v\u00edn\u011b zaj\u00edmav\u011bj\u0161\u00ed informace. U\u017e p\u0159i pohledu do ko\u0161t\u00fd\u0159e nebo na sklenku vid\u00edme, jak\u00e9 m\u00e1 vlastnosti. Jestli nen\u00ed matn\u00e9 nebo s\u00a0nepat\u0159i\u010dn\u00fdm\u00a0kalem, m\u016f\u017eeme ocenit jestli \u201ekrou\u017ekuje\u201c nebo je pr\u016fzra\u010dn\u011b \u010dir\u00e9. Ur\u010dit\u011b tak\u00e9 jeho v\u016fn\u011b hraje pro n\u00e1s svou roli, proto\u017ee nap\u0159\u00edklad u \u010derven\u00fdch v\u00edn, m\u016f\u017eete uc\u00edtit ovocn\u011bj\u0161\u00ed sametov\u011bj\u0161\u00ed v\u016fni, ne\u017e t\u0159eba u b\u00edl\u00e9ho Moravsk\u00e9ho mu\u0161k\u00e1tu, kde se setk\u00e1me sp\u00ed\u0161 s\u00a0aromatick\u00fdm kv\u011btinov\u00fdm t\u00f3nem.                                                                                                                                                                                                                                                                                                                                                                                        5\/5 - (6 votes)        "},{"@context":"https:\/\/schema.org\/","@type":"BreadcrumbList","itemListElement":[{"@type":"ListItem","position":1,"name":"O v\u00edn\u011b z Moravy","item":"https:\/\/www.osbaobab.cz\/o-vine-z-moravy\/#breadcrumbitem"}]}]