[{"@context":"https:\/\/schema.org\/","@type":"Article","@id":"https:\/\/www.osbaobab.cz\/vrati-se-pandemie-covidu\/#Article","mainEntityOfPage":"https:\/\/www.osbaobab.cz\/vrati-se-pandemie-covidu\/","headline":"Vr\u00e1t\u00ed se pandemie covidu?","name":"Vr\u00e1t\u00ed se pandemie covidu?","description":"Pandemie covidu nikoho moc nebavila, proto\u017ee se plno v\u011bc\u00ed zak\u00e1zalo a lid\u00e9 se museli dr\u017eet pravidel, kter\u00e1 je o\u010dividn\u011b tolik<p><a href=\"https:\/\/www.osbaobab.cz\/vrati-se-pandemie-covidu\/\" class=\"more-link\">P\u0159e\u010d\u00edst..<span class=\"screen-reader-text\">Vr\u00e1t\u00ed se pandemie covidu?<\/span><\/a><\/p>","datePublished":"2022-11-12","dateModified":"2023-05-09","author":{"@type":"Person","@id":"https:\/\/www.osbaobab.cz\/author\/#Person","name":"","url":"https:\/\/www.osbaobab.cz\/author\/","identifier":1,"image":{"@type":"ImageObject","@id":"https:\/\/secure.gravatar.com\/avatar\/4ae18345300f35922a2a7b2caa17564b68acab8514eff939a8a019efde378c24?s=96&d=mm&r=g","url":"https:\/\/secure.gravatar.com\/avatar\/4ae18345300f35922a2a7b2caa17564b68acab8514eff939a8a019efde378c24?s=96&d=mm&r=g","height":96,"width":96}},"publisher":{"@type":"Organization","name":"osbaobab.cz","logo":{"@type":"ImageObject","@id":"\/logo.png","url":"\/logo.png","width":600,"height":60}},"image":{"@type":"ImageObject","@id":"https:\/\/www.osbaobab.cz\/wp-content\/uploads\/covid-g8044606bd_640.png","url":"https:\/\/www.osbaobab.cz\/wp-content\/uploads\/covid-g8044606bd_640.png","height":0,"width":0},"url":"https:\/\/www.osbaobab.cz\/vrati-se-pandemie-covidu\/","about":["Slu\u017eby"],"wordCount":454,"articleBody":"      Pandemie covidu nikoho moc nebavila, proto\u017ee se plno v\u011bc\u00ed zak\u00e1zalo a lid\u00e9 se museli dr\u017eet pravidel, kter\u00e1 je o\u010dividn\u011b tolik nebavila, proto\u017ee je hodn\u011b lid\u00ed poru\u0161ovalo a vlastn\u011b je ani n\u011bkte\u0159\u00ed nedodr\u017eovali. Nen\u00ed se \u010demu divit, nebylo jednoduch\u00e9 je dodr\u017eovat, nav\u00edc nebylo tolik dobr\u00e9 na psychiku je dodr\u017eovat, proto\u017ee to vydr\u017eet mohl opravdu jen siln\u00fd \u010dlov\u011bk, kter\u00fd m\u00e1 v\u0161e v hlav\u011b uspo\u0159\u00e1d\u00e1no a vydr\u017e\u00ed tlak ze v\u0161ech stran. Tlak toti\u017e nebyl ze strany covidu, neboli t\u00edm, \u017ee v\u016fbec covid byl, byl ale i ze strany m\u00e9di\u00ed, kde bylo mo\u017en\u00e9 ka\u017ed\u00fd den o covidu n\u011bco poslouchat a mohli jsme se doslechnout plno v\u011bc\u00ed, nav\u00edc tak\u00e9 ka\u017ed\u00fd den hl\u00e1sili po\u010det naka\u017een\u00fdch, vyl\u00e9\u010den\u00fdch a mrtv\u00fdch, ale tak\u00e9 lid\u00e9 c\u00edtili tlak ze strany pr\u00e1v\u011b lid\u00ed, proto\u017ee ka\u017ed\u00fd m\u011bl na covid odli\u0161n\u00fd n\u00e1zor. N\u011bkdo tvrdil, \u017ee je covid pouze ch\u0159ipka, jin\u00fd zas tvrdil, \u017ee je covid smrteln\u00e1 nemoc a zem\u0159e na n\u011bj ka\u017ed\u00fd, n\u011bkdo naopak tvrdil dokonce to, \u017ee byl covid um\u011ble vytvo\u0159en. Kolem n\u00e1s jsme se v\u0161ichni mohli setk\u00e1vat s lidmi, kte\u0159\u00ed m\u011bli \u00fapln\u011b jin\u00fd n\u00e1zor ne\u017e dokonce my. A n\u011bkte\u0159\u00ed bohu\u017eel sv\u016fj n\u00e1zor sd\u00edleli, proto\u017ee ho asi nemohli udr\u017eet jen tak pro sebe nebo v r\u00e1mci sv\u00e9 rodiny. Pro n\u011bkoho mo\u017en\u00e1 byl tak\u00e9 n\u00e1tlak pr\u00e1v\u011b to opat\u0159en\u00ed, nebo sp\u00ed\u0161e ta opat\u0159en\u00ed, proto\u017ee jich bylo samoz\u0159ejm\u011b v\u00edce ne\u017e jedno. Nebylo to v\u016fbec jednoduch\u00e9, ale t\u0159eba to st\u00e1lo za to a nyn\u00ed bychom byli jinde, to ale nem\u016f\u017eeme posoudit a nyn\u00ed u\u017e to nezjist\u00edme. Opat\u0159en\u00ed bylo mnoho a po\u0159\u00e1d se m\u011bnila, tak jak se m\u011bnili minist\u0159i zdravotnictv\u00ed. Nebylo to v\u016fbec lehk\u00e9 obdob\u00ed pro nikoho, nejv\u00edce na to v\u0161ak doplatili podnikatel\u00e9. Ti museli sv\u00e9 podniky zav\u0159\u00edt, co\u017e mnoh\u00e9 z nich zni\u010dilo. V\u0161ichni jsme museli nosit rou\u0161ky a testovat se v prac\u00edch a \u0161kol\u00e1ch, kdy\u017e zrovna nebyly zav\u0159en\u00e9, antigenn\u00edmi testy ze slin Covidexpert.cz nebo n\u00e1s poslali na PCR testy, co\u017e bylo v laborato\u0159i a bylo to prokazateln\u00e9. Bude se tento sc\u00e9n\u00e1\u0159 opakovat? To nikdo nev\u00ed. Covid st\u00e1le existuje, ten tady u\u017e bude nav\u017edy, proto\u017ee st\u00e1le mutuje, ale je to velmi podobn\u00e9 ch\u0159ipce, tak\u017ee je d\u016fle\u017eit\u00e9 si udr\u017eovat imunitu, chodit ven a podobn\u011b.                                                                                                                                                                                                                                                                                                                                                                                           4.8\/5 - (9 votes)        "},{"@context":"https:\/\/schema.org\/","@type":"BreadcrumbList","itemListElement":[{"@type":"ListItem","position":1,"name":"Vr\u00e1t\u00ed se pandemie covidu?","item":"https:\/\/www.osbaobab.cz\/vrati-se-pandemie-covidu\/#breadcrumbitem"}]}]